{"id":939,"date":"2018-04-19T18:26:15","date_gmt":"2018-04-19T18:26:15","guid":{"rendered":"http:\/\/czs.uniri.hr\/?p=939"},"modified":"2019-02-07T11:17:47","modified_gmt":"2019-02-07T11:17:47","slug":"najava-ciklusa-kino-ucionica-marginalne","status":"publish","type":"post","link":"https:\/\/czs.uniri.hr\/?p=939","title":{"rendered":"Najava ciklusa \u201cKino u\u010dionica: Marginalne\u201d"},"content":{"rendered":"<p><img loading=\"lazy\" class=\"alignnone size-medium wp-image-940 aligncenter\" src=\"https:\/\/czs.uniri.hr\/wp-content\/uploads\/2018\/04\/Kino-ucionica_presica-art-kino-640x480.jpg\" alt=\"\" width=\"640\" height=\"480\"><\/p>\n<p>Greta Grakali\u0107 Ra\u010dki, Ana Ajdukovi\u0107, Marija Katalini\u0107, Lela Vujani\u0107, Ana \u0160egrt<\/p>\n<div class=\"_2cuy _3dgx _2vxa\">U utorak,<strong> <span class=\"_4yxo\">23. sije\u010dnja<\/span> u Mini Art-kinu<\/strong> predstavljen je <strong>nadolaze\u0107i ciklus kino u\u010dionica<\/strong>. Ove godine on \u0107e se baviti temom <span class=\"_4yxo\">marginalnosti<\/span> kroz prizmu feministi\u010dkog \u010ditanja vizualnog materijala. Konferenciju za novinare otvorila je <strong><span class=\"_4yxo\">Ana \u0160egrt<\/span><\/strong>, programska koordinatorica Art-kina, koja je pozdravila sve okupljene u <span class=\"_4yxo\">Mini Art-kinu<\/span> &#8211; kinu \u201cbez praga i pardona\u201d. Taj prostor specifi\u010dan je jer se ovdje \u201csti\u017ee neposredno, direktno \u2018s ceste\u2019; bez ograni\u010davaju\u0107eg praga\u201d. To ga \u010dini idealnim mjestom za odr\u017eavanje diskusija i tribina, pa tako i <span class=\"_4yxo\">kino u\u010dionica<\/span>. Kino u\u010dionice su ovdje, izjavila je \u0160egrt, \u201cda bi postigli opu\u0161teniji i sigurniji prostor gdje publika sjedi bli\u017ee te se vi\u0161e i bolje upoznaje kroz program, osje\u0107a se slobodnije iznijeti svoj stav, mi\u0161ljenje i sudjelovati u razgovoru\u201d.<\/div>\n<div><\/div>\n<div class=\"_2cuy _3dgx _2vxa\">Predstavnicama i predstavnicima medija zatim se obratila <strong><span class=\"_4yxo\">Greta Grakalli\u0107 Ra\u010dki<\/span> <\/strong>iz <span class=\"_4yxo\"><strong>Centra za \u017eenske studije pri filozofskom fakultetu u Rijec<\/strong>i<\/span>, koja je slu\u017ebeno najavila nadolaze\u0107i ciklus kino u\u010dionica, predava\u010dko-filmskih ve\u010deri koje \u0107e se odr\u017eavati dva puta mjese\u010dno, od velja\u010de do lipnja teku\u0107e godine, upravo u prostoru <span class=\"_4yxo\">Mini Art-kina<\/span>. Cijela pri\u010da zapo\u010dela je jo\u0161 prethodne godine kada je odr\u017ean polugodi\u0161nji program: <span class=\"_4yxo _4yxp\">Kino u\u010dionica: gledaj mizoginiju!<\/span>, gdje se kroz analizu i dekonstrukciju vizualnog materijala u javnom prostoru nastojao potaknuti diskurs o sveprisutnosti <span class=\"_4yxo\">mizoginije<\/span>. \u201cPotreba za detaljnom eksplikacijom ovog termina bila je reakcija nas, mladih feministkinja, na konzervativnu revoluciju u Hrvatskoj. Brak se sada ustavom definira kao zajednica isklju\u010divo mu\u0161karca i \u017eene. Pojavljuju se medijski napisi o jednospolnim \u0161kolama. Govori se o zabrani prava na poba\u010daj, a djeci se \u017eeli oduzeti pravo na znanstvene i to\u010dne informacije koje se ti\u010du seksualnosti. Tako\u0111er, svjedo\u010dimo nezamislivom otporu pri ratifikaciji Istambulske konvencije\u201d, izjavila je Grakali\u0107-Ra\u010dki.<\/div>\n<div><\/div>\n<div class=\"_2cuy _3dgx _2vxa\">Ove godine <span class=\"_4yxo\">Centar za \u017eenske studije pri Filozofskom fakultetu u Rijeci<\/span> i <span class=\"_4yxo\">Art-kino Croatia<\/span> nastavljaju pri\u010du s novim programom <span class=\"_4yxo _4yxp\">Kino u\u010dionica: Marginalne<\/span>. <strong><span class=\"_4yxo\">Ana Ajdukovi\u0107<\/span> iz Centra za \u017eenske studije predstavila<\/strong> je ukratko program koji zapo\u010dinje okruglim stolom <span class=\"_4yxo _4yxp\">O marginalnima<\/span> <span class=\"_4yxo\">30. sije\u010dnja<\/span> u <span class=\"_4yxo\">18:15 sati<\/span>, dok \u0107e prvo predavanje slijediti svega par dana kasnije, 5. velja\u010de. Predavanja je sveukupno deset, a zadnje \u0107e biti odr\u017eano 18. lipnja. Koncept kino u\u010dionice, naglasila je Ajdukovi\u0107 \u2018zami\u0161ljen je kao edukacijsko-znanstveni program promi\u0161ljanja odabranih feministi\u010dkih ili rodnoteorijskih tema, a kroz filmske ili srodne medijske\/vizualne materijale\u2019.<\/div>\n<div class=\"_2cuy _3dgx _2vxa\">Inkluzivnost gra\u0111anskog glasa jedan je od imperativa kino u\u010dionica. Ovogodi\u0161nji tematski okvir <span class=\"_4yxp\">Kino u\u010dionice<\/span> ti\u010de se \u017eena i marginalnosti. Namjera je propitati odnose mo\u0107i i uvjete egzistencije koji dovode do pozicije \u2018na margini\u2019. \u017dele se propitati dimenzije, vrste i na\u010dini percepcije i reprezentacije marginaliziranih, kao i njihova vidljivost i\/ili \u010dujnost.<\/div>\n<div><\/div>\n<div class=\"_2cuy _3dgx _2vxa\">Prvo predavanje (5. velja\u010de) bavit \u0107e se konceptom normalnosti i njezine dru\u0161tvene uvjetovanosti, gdje \u0107e predava\u010dica <strong><span class=\"_4yxo\">Marija Ott Faranoli\u0107<\/span> i<\/strong>znijeti svoje teze uz pomo\u0107 biografskog filma Jane Campion <span class=\"_4yxp\">An Angle at my table<\/span>. 19. velja\u010de gostuje osniva\u010dica <span class=\"_4yxp\">Kina Katarina<\/span>, <strong><span class=\"_4yxo\">Marta Baradi\u0107<\/span><\/strong>, koja je gostovala na <span class=\"_4yxp\">Kino u\u010dionici<\/span> i prethodne godine, s temom \u017eenskih radnih migracija. Ne\u0161to druga\u010diji pristup predstavlja analiza <strong><span class=\"_4yxo\">Dubravke Dulibi\u0107-Paljar<\/span><\/strong>, kojoj \u0107e posjetiteljice i posjetitelji mo\u0107i prisustvovati 5. o\u017eujka; ista se bavi prikazom \u017eenske \u010dednosti u slikarstvu viktorijanskog doba. 19. o\u017eujka slu\u0161at \u0107emo dvije studentice Glume i medija, <span class=\"_4yxo\"><strong>Vandu Velagi\u0107 i Saru Bla\u017ei\u0107<\/strong><\/span>, koje \u0107e objasniti na koji na\u010din su \u017eene marginalizirane unutar performativnih umjetnosti. 23. travnja, <strong><span class=\"_4yxo\">Greta Grakali\u0107 Ra\u010dki<\/span> <\/strong>&#8211; teologinja, kulturologinja i jedna od osniva\u010dica <span class=\"_4yxp\">Kino u\u010dionice<\/span>, pri\u010dat \u0107e o religiji i \u017eenama na temelju filma <span class=\"_4yxp\">Les innocentes<\/span>. 7. svibnja<strong> <span class=\"_4yxo\">Brigita Milo\u0161<\/span> i <span class=\"_4yxo\">Sanja Bojani\u0107<\/span> <\/strong>bavit \u0107e se konceptom sloboda i (ne)mogu\u0107nosti slobodnog odabira marginalne pozicije. 21. svibnja, student kulturalnih studija<strong><span class=\"_4yxo\"> Edward \u0110or\u0111evi\u0107<\/span><\/strong> vra\u0107a nas u devedesete raspravom o seksu, radu i monstruoznosti u poznatom filmu <span class=\"_4yxp\">Silence of the Lambs<\/span>. O transrodnim \u017eenama dva tjedna poslije govorit \u0107e <strong><span class=\"_4yxo\">Betty Stojni\u0107<\/span><\/strong> na temelju kultnog filma <span class=\"_4yxp\">Paris is burning<\/span>. Za kraj ciklusa, 18. lipnja, susrest \u0107emo se s pripadnicama LB \u017eena, o \u010dijim \u017eivotnim pri\u010dama zna vi\u0161e <strong><span class=\"_4yxo\">udruga LORI<\/span><\/strong> koja \u0107e za ovu priliku predstaviti niz \u017eivopisnih intervjua.<\/div>\n<div><\/div>\n<div class=\"_2cuy _3dgx _2vxa\">Kao i prethodne godine i ovaj ciklus <strong>zapo\u010det \u0107e okruglim stolom 30. sije\u010dnja u 18:15 sati u atriju Art-kina,<\/strong> o \u010demu je ne\u0161to vi\u0161e rekla <strong><span class=\"_4yxo\">Marija Katalini\u0107<\/span>,<\/strong> tako\u0111er suradnica Centra za \u017eenske studije. Ovogodi\u0161nji okrugli stol ugostit \u0107e tri velika imena:<strong> <span class=\"_4yxo\">Branku Pavlovi\u0107<\/span><\/strong>, filmsku i televizijsku urednicu te vizualnu umjetnicu koja \u017eivi i djeluje na relaciji Beograd-Berlin; zatim <strong><span class=\"_4yxo\">\u017delimira \u017dilnika<\/span><\/strong>, jednog od najzna\u010dajnijih post-jugoslavenskih redatelja te kultnog predstavnika jugoslavenskog crnog vala te <strong><span class=\"_4yxo\">Vlastu Delimar<\/span><\/strong>, umjetnicu, performericu i jednu od vrlo zna\u010dajnih li\u010dnosti u podru\u010dju umjetni\u010dko-dru\u0161tvene scene u Hrvatskoj.<\/div>\n<div><\/div>\n<div><\/div>\n<div class=\"_2cuy _3dgx _2vxa\">Okrugli je stol financijski podr\u017ean od strane<strong> <span class=\"_4yxo\">EPK 2020<\/span><\/strong> i njihovog <strong>programskog pravca <span class=\"_4yxo\">Kuhinja<\/span><\/strong>.<strong><span class=\"_4yxo\"> Lela Vujani\u0107<\/span><\/strong> je na konferenciji za novinare ukratko predstavila ovu suradnju: cilj Kuhinje je pru\u017eiti prostor za dijalog i razmjenu pri\u010da, dok se istovremeno ukazuje na problematiku postmodernog, vje\u010dno migriraju\u0107eg subjekta. Ovo se osobito odnosi na \u017eene &#8211; \u017eene radnice o \u010demu<span class=\"_4yxo\"> Kuhinja <\/span>mo\u017ee i \u017eeli progovarati. Nadaju se da \u0107e u tome uspjeti upravo suradnjom s Centrom za \u017eenske studije pri Filozofskom fakultetu u Rijeci i ovim okruglim stolom.<\/div>\n","protected":false},"excerpt":{"rendered":"<p>Greta Grakali\u0107 Ra\u010dki, Ana Ajdukovi\u0107, Marija Katalini\u0107, Lela Vujani\u0107, Ana \u0160egrt U utorak, 23. sije\u010dnja u Mini Art-kinu predstavljen je nadolaze\u0107i ciklus kino u\u010dionica. Ove godine on \u0107e se baviti temom marginalnosti kroz prizmu feministi\u010dkog \u010ditanja vizualnog materijala. Konferenciju za&#8230; <a class=\"more-link\" href=\"https:\/\/czs.uniri.hr\/?p=939\">Nastavi \u010ditati &rarr;<\/a><\/p>\n","protected":false},"author":2,"featured_media":940,"comment_status":"open","ping_status":"open","sticky":false,"template":"","format":"standard","meta":[],"categories":[9],"tags":[],"jetpack_featured_media_url":"https:\/\/czs.uniri.hr\/wp-content\/uploads\/2018\/04\/Kino-ucionica_presica-art-kino-e1524162278610.jpg","_links":{"self":[{"href":"https:\/\/czs.uniri.hr\/index.php?rest_route=\/wp\/v2\/posts\/939"}],"collection":[{"href":"https:\/\/czs.uniri.hr\/index.php?rest_route=\/wp\/v2\/posts"}],"about":[{"href":"https:\/\/czs.uniri.hr\/index.php?rest_route=\/wp\/v2\/types\/post"}],"author":[{"embeddable":true,"href":"https:\/\/czs.uniri.hr\/index.php?rest_route=\/wp\/v2\/users\/2"}],"replies":[{"embeddable":true,"href":"https:\/\/czs.uniri.hr\/index.php?rest_route=%2Fwp%2Fv2%2Fcomments&post=939"}],"version-history":[{"count":2,"href":"https:\/\/czs.uniri.hr\/index.php?rest_route=\/wp\/v2\/posts\/939\/revisions"}],"predecessor-version":[{"id":1248,"href":"https:\/\/czs.uniri.hr\/index.php?rest_route=\/wp\/v2\/posts\/939\/revisions\/1248"}],"wp:featuredmedia":[{"embeddable":true,"href":"https:\/\/czs.uniri.hr\/index.php?rest_route=\/wp\/v2\/media\/940"}],"wp:attachment":[{"href":"https:\/\/czs.uniri.hr\/index.php?rest_route=%2Fwp%2Fv2%2Fmedia&parent=939"}],"wp:term":[{"taxonomy":"category","embeddable":true,"href":"https:\/\/czs.uniri.hr\/index.php?rest_route=%2Fwp%2Fv2%2Fcategories&post=939"},{"taxonomy":"post_tag","embeddable":true,"href":"https:\/\/czs.uniri.hr\/index.php?rest_route=%2Fwp%2Fv2%2Ftags&post=939"}],"curies":[{"name":"wp","href":"https:\/\/api.w.org\/{rel}","templated":true}]}}