{"id":722,"date":"2017-07-14T11:04:12","date_gmt":"2017-07-14T11:04:12","guid":{"rendered":"http:\/\/czs.uniri.hr\/?p=722"},"modified":"2017-07-14T11:05:05","modified_gmt":"2017-07-14T11:05:05","slug":"istanbulska-konvencija-konacno-na-javnom-savjetovanju","status":"publish","type":"post","link":"https:\/\/czs.uniri.hr\/?p=722","title":{"rendered":"Istanbulska konvencija kona\u010dno na javnom savjetovanju"},"content":{"rendered":"<p>&nbsp;<\/p>\n<p style=\"text-align: center;\"><strong><img loading=\"lazy\" class=\"alignnone size-medium wp-image-718 aligncenter\" src=\"https:\/\/czs.uniri.hr\/wp-content\/uploads\/2017\/07\/Akcija-Preuzmite-odgovornost-za-ubojstva-\u017eena-Foto-fAKTIV-650x366.jpg\" alt=\"\" width=\"650\" height=\"366\" \/><\/strong><\/p>\n<p style=\"text-align: center;\"><strong>Akcija &#8216;Preuzmite odgovornost za ubojstva \u017eena&#8217; (Foto: fAKTIV)<\/strong><\/p>\n<p>&nbsp;<\/p>\n<p>Na javno je savjetovanje, nakon godina feministi\u010dkih napora, danas kona\u010dno postavljen nacrt prijedloga Zakona o potvr\u0111ivanju Konvencije Vije\u0107a Europe o spre\u010davanju i borbi protiv nasilja nad \u017eenama i nasilja u obitelji, ili skra\u0107eno\u00a0<strong>Istanbulske konvencije<\/strong>.<\/p>\n<p>Ministarstvo za demografiju, obitelj, mlade i socijalnu politiku otvorilo je savjetovanje o nacrtu prijedloga Zakona o potvr\u0111ivanju Istanbulske konvencije na <a href=\"https:\/\/esavjetovanja.gov.hr\/Econ\/MainScreen?EntityId=5638\">stranici e-savjetovanje.<\/a>\u00a0<strong>Zainteresirana javnost komentarima mo\u017ee reagirati sljede\u0107ih mjesec dana, do 3. kolovoza 2017. godine.<\/strong><\/p>\n<p>&#8216;Cilj Zakona o potvr\u0111ivanju je potvr\u0111ivanje Konvencije kako bi njene odredbe, u smislu \u010dlanka 141. Ustava RH postale dio pravnog poretka RH, a \u0161to \u0107e biti i temelj za nadogradnju postoje\u0107eg nacionalnog zakonodavstva kojima se \u0161tite \u017eene \u017ertve nasilja i \u017ertve nasilja u obitelji, unaprje\u0111enje me\u0111unarodne suradnje u podru\u010dju za\u0161tite prava \u017ertava nasilja te u\u010dinkovitiju pomo\u0107 i za\u0161titu \u017ertava&#8217;, stoji u obja\u0161njenju.<\/p>\n<p>&#8216;Konvencija predstavlja prvi pravno obvezuju\u0107i me\u0111unarodni instrument koji \u0107e slu\u017eiti kao pravni okvir za za\u0161titu \u017eena od svih oblika nasilja, spre\u010davanje, progon i uklanjanje nasilja nad \u017eenama i nasilja u obitelji&#8217;, obja\u0161njava Ministarstvo.<\/p>\n<p>Po pitanju posljedica koje \u0107e dono\u0161enjem Zakona proiste\u0107i, stoji: &#8220;Ovim Zakonom potvr\u0111uje se Konvencija\u00a0<strong>\u010dime se \u0161alje \u010dvrsta politi\u010dka poruka o predanosti RH borbi protiv nasilja nad \u017eenama i obiteljskog nasilja<\/strong>\u00a0te stvara sinergija izme\u0111u djelovanja svih dionika \u010dije aktivnosti su usmjerene ka borbi protiv nasilja nad \u017eenama i obiteljskog nasilja.&#8221;<\/p>\n<p>&nbsp;<\/p>\n<p>Preuzeto:\u00a0<a href=\"https:\/\/www.libela.org\/vijesti\/8795-istanbulska-konvencija-konacno-na-javnom-savjetovanju\/\">https:\/\/www.libela.org\/vijesti\/8795-istanbulska-konvencija-konacno-na-javnom-savjetovanju\/<\/a><\/p>\n","protected":false},"excerpt":{"rendered":"<p>&nbsp; Akcija &#8216;Preuzmite odgovornost za ubojstva \u017eena&#8217; (Foto: fAKTIV) &nbsp; Na javno je savjetovanje, nakon godina feministi\u010dkih napora, danas kona\u010dno postavljen nacrt prijedloga Zakona o potvr\u0111ivanju Konvencije Vije\u0107a Europe o spre\u010davanju i borbi protiv nasilja nad \u017eenama i nasilja u&#8230; <a class=\"more-link\" href=\"https:\/\/czs.uniri.hr\/?p=722\">Nastavi \u010ditati &rarr;<\/a><\/p>\n","protected":false},"author":2,"featured_media":718,"comment_status":"open","ping_status":"open","sticky":false,"template":"","format":"standard","meta":[],"categories":[1],"tags":[],"jetpack_featured_media_url":"https:\/\/czs.uniri.hr\/wp-content\/uploads\/2017\/07\/Akcija-Preuzmite-odgovornost-za-ubojstva-\u017eena-Foto-fAKTIV-e1500029558458.jpg","_links":{"self":[{"href":"https:\/\/czs.uniri.hr\/index.php?rest_route=\/wp\/v2\/posts\/722"}],"collection":[{"href":"https:\/\/czs.uniri.hr\/index.php?rest_route=\/wp\/v2\/posts"}],"about":[{"href":"https:\/\/czs.uniri.hr\/index.php?rest_route=\/wp\/v2\/types\/post"}],"author":[{"embeddable":true,"href":"https:\/\/czs.uniri.hr\/index.php?rest_route=\/wp\/v2\/users\/2"}],"replies":[{"embeddable":true,"href":"https:\/\/czs.uniri.hr\/index.php?rest_route=%2Fwp%2Fv2%2Fcomments&post=722"}],"version-history":[{"count":1,"href":"https:\/\/czs.uniri.hr\/index.php?rest_route=\/wp\/v2\/posts\/722\/revisions"}],"predecessor-version":[{"id":723,"href":"https:\/\/czs.uniri.hr\/index.php?rest_route=\/wp\/v2\/posts\/722\/revisions\/723"}],"wp:featuredmedia":[{"embeddable":true,"href":"https:\/\/czs.uniri.hr\/index.php?rest_route=\/wp\/v2\/media\/718"}],"wp:attachment":[{"href":"https:\/\/czs.uniri.hr\/index.php?rest_route=%2Fwp%2Fv2%2Fmedia&parent=722"}],"wp:term":[{"taxonomy":"category","embeddable":true,"href":"https:\/\/czs.uniri.hr\/index.php?rest_route=%2Fwp%2Fv2%2Fcategories&post=722"},{"taxonomy":"post_tag","embeddable":true,"href":"https:\/\/czs.uniri.hr\/index.php?rest_route=%2Fwp%2Fv2%2Ftags&post=722"}],"curies":[{"name":"wp","href":"https:\/\/api.w.org\/{rel}","templated":true}]}}