{"id":563,"date":"2017-04-13T09:21:08","date_gmt":"2017-04-13T09:21:08","guid":{"rendered":"http:\/\/czs.uniri.hr\/?p=563"},"modified":"2017-04-13T09:40:52","modified_gmt":"2017-04-13T09:40:52","slug":"mjesec-zenskog-aktivizma-rijeka-krk-cres","status":"publish","type":"post","link":"https:\/\/czs.uniri.hr\/?p=563","title":{"rendered":"Mjesec \u017eenskog aktivizma (Rijeka, Krk, Cres)"},"content":{"rendered":"<p><a href=\"https:\/\/www.facebook.com\/events\/1522903284418440\/\"><img loading=\"lazy\" class=\"size-full wp-image-564 aligncenter\" src=\"https:\/\/czs.uniri.hr\/wp-content\/uploads\/2017\/04\/mjesec-\u017eenskog-aktivizma.jpg\" alt=\"\" width=\"526\" height=\"295\" \/><\/a><\/p>\n<p>&nbsp;<\/p>\n<p><strong>Mjesec \u017eenskog aktivizma\u00a0projekt je, koji ima za cilj povezivanje i osna\u017eivanje \u017eena svih generacija na podru\u010dju Primorsko-goranske \u017eupanije edukacijom o \u017eenskim pravima, rodnoj ravnopravnosti i aktivisti\u010dkom djelovanju te stvaranju temelja i baze za njihovo umre\u017eavanje i suradnju odnosno\u00a0za ja\u010danje \u017eenskog pokreta na podru\u010dju PG\u017d-a<\/strong>.<\/p>\n<p>Interaktivnim radionicama\u00a0<strong>u travnju i svibnju 2017.<\/strong>\u00a0pribli\u017eiti \u0107emo \u017eenama koje \u017eive u Rijeci i okolici te na otocima Cresu i Krku informacije o tome kako prepoznati diskriminaciju, uznemiravanje, spolno uznemiravanje te kako osna\u017eiti \u017eene da postanu vidljive i aktivne u borbi sa tradicionalnim obrascima patrijarhalnosti.<\/p>\n<p>U sklopu projekta odr\u017eati \u0107emo 6 neformalnih, radionica razli\u010ditih tematika. 4 radionice odr\u017eati \u0107emo u Rijeci, a po jednu radionicu na otocima Krku i Cresu.<\/p>\n<p>Do\u0111i na besplatne radionice u Rijeci, Krku i Cresu!<\/p>\n<p>Radionice su namijenjene \u017eenama koje \u017eele saznati ne\u0161to novo o \u017eenskim pravima, rodnoj ravnopravnosti i aktivizmu, a pritom se povezati sa \u017eenama svih generacija na podru\u010dju Primorsko-goranske \u017eupanije za ravnopravnije sutra!<\/p>\n","protected":false},"excerpt":{"rendered":"<p>&nbsp; Mjesec \u017eenskog aktivizma\u00a0projekt je, koji ima za cilj povezivanje i osna\u017eivanje \u017eena svih generacija na podru\u010dju Primorsko-goranske \u017eupanije edukacijom o \u017eenskim pravima, rodnoj ravnopravnosti i aktivisti\u010dkom djelovanju te stvaranju temelja i baze za njihovo umre\u017eavanje i suradnju odnosno\u00a0za ja\u010danje&#8230; <a class=\"more-link\" href=\"https:\/\/czs.uniri.hr\/?p=563\">Nastavi \u010ditati &rarr;<\/a><\/p>\n","protected":false},"author":2,"featured_media":564,"comment_status":"open","ping_status":"open","sticky":false,"template":"","format":"standard","meta":[],"categories":[1],"tags":[],"jetpack_featured_media_url":"https:\/\/czs.uniri.hr\/wp-content\/uploads\/2017\/04\/mjesec-\u017eenskog-aktivizma-e1492075214989.jpg","_links":{"self":[{"href":"https:\/\/czs.uniri.hr\/index.php?rest_route=\/wp\/v2\/posts\/563"}],"collection":[{"href":"https:\/\/czs.uniri.hr\/index.php?rest_route=\/wp\/v2\/posts"}],"about":[{"href":"https:\/\/czs.uniri.hr\/index.php?rest_route=\/wp\/v2\/types\/post"}],"author":[{"embeddable":true,"href":"https:\/\/czs.uniri.hr\/index.php?rest_route=\/wp\/v2\/users\/2"}],"replies":[{"embeddable":true,"href":"https:\/\/czs.uniri.hr\/index.php?rest_route=%2Fwp%2Fv2%2Fcomments&post=563"}],"version-history":[{"count":1,"href":"https:\/\/czs.uniri.hr\/index.php?rest_route=\/wp\/v2\/posts\/563\/revisions"}],"predecessor-version":[{"id":565,"href":"https:\/\/czs.uniri.hr\/index.php?rest_route=\/wp\/v2\/posts\/563\/revisions\/565"}],"wp:featuredmedia":[{"embeddable":true,"href":"https:\/\/czs.uniri.hr\/index.php?rest_route=\/wp\/v2\/media\/564"}],"wp:attachment":[{"href":"https:\/\/czs.uniri.hr\/index.php?rest_route=%2Fwp%2Fv2%2Fmedia&parent=563"}],"wp:term":[{"taxonomy":"category","embeddable":true,"href":"https:\/\/czs.uniri.hr\/index.php?rest_route=%2Fwp%2Fv2%2Fcategories&post=563"},{"taxonomy":"post_tag","embeddable":true,"href":"https:\/\/czs.uniri.hr\/index.php?rest_route=%2Fwp%2Fv2%2Ftags&post=563"}],"curies":[{"name":"wp","href":"https:\/\/api.w.org\/{rel}","templated":true}]}}