{"id":374,"date":"2017-01-19T15:39:55","date_gmt":"2017-01-19T15:39:55","guid":{"rendered":"http:\/\/czs.uniri.hr\/?p=374"},"modified":"2018-04-06T15:43:11","modified_gmt":"2018-04-06T15:43:11","slug":"okrugli-stol-o-mizoginiji","status":"publish","type":"post","link":"https:\/\/czs.uniri.hr\/?p=374","title":{"rendered":"Okrugli stol &#8220;O mizoginiji&#8221; !!!"},"content":{"rendered":"<p><img loading=\"lazy\" class=\" wp-image-375 aligncenter\" src=\"https:\/\/czs.uniri.hr\/wp-content\/uploads\/2017\/01\/okruglistol3-650x238.jpg\" alt=\"okruglistol3\" width=\"709\" height=\"260\" \/><\/p>\n<p>&nbsp;<\/p>\n<p>U organizaciji Centra za \u017eenske studije pri Filozofskom fakultetu u Rijeci, a u suradnji s Odsjekom za kulturalne studije, udrugom studenata IKS i rije\u010dkim Art kinom odr\u017eat \u0107e se u ponedjeljak 23. sije\u010dnja u 18h okrugli stol kao uvodni razgovor za seriju predava\u010dko-filmskih ve\u010deri naziva &#8220;Kino u\u010dionica: gledaj mizoginiju&#8221;.<\/p>\n<p>Pridru\u017eite nam se da zajedno razmotrimo mizogine prakse u dru\u0161tvu iz razli\u010ditih perspektiva uz zanimljive goste:<\/p>\n<p>dr.sc. Jelena Vi\u0161nji\u0107 jedna je od osniva\u010dica i urednica Festivala feministi\u010dke kulture i akcije &#8211; BeFem, predava\u010dica i suradnica u Centru za \u017eenske studije u Beogradu te aktivistkinja feministi\u010dkog pokreta. Unutar okruglog stola podijeliti \u0107e s nama svoja saznanja o mizoginim di<span class=\"text_exposed_show\">skurzivnim strategijama u srpskim medijima s posebnim naglaskom na reprezentaciju rodnog identiteta te mogu\u0107im tehnologijama otpora putem dekonstrukcije medijskog sadr\u017eaja.<\/p>\n<p>Petra Bezjak studentica je na Odsjeku za kulturalne studije Filozofskog fakulteta u Rijeci te pjesnikinja. Na okruglom stolu govoriti \u0107e o mizoginiji u jeziku te o svakodnevnim govornim praksama koje se \u010desto uzimaju zdravo za gotovo dok formiraju \u017eenski identitet li\u0161en mo\u0107i te odra\u017eavaju duboko usa\u0111ene patrijarhalne kodove.<\/p>\n<p>Greta Grakali\u0107 Ra\u010dki kulturologinja je i teologinja. Unutar okruglog stola govoriti \u0107e o srednjevjekovnom periodu, tada\u0161njoj teologiji i njezinom mizoginom diskursu te pokazati na\u010dine na koje je kr\u0161\u0107ansku doktrinu i njezin pogled na \u017eenu mogu\u0107e povezati s brojnim mizoginim praksama dana\u0161njice.<\/p>\n<p>Ivan Bla\u017eevi\u0107 dolazi iz zaklade SOLIDARNA te je voditelj kampanje &#8220;Drugotna na sav glas!&#8221; koje je pokrenuta 24. lisopada kao reakcija na nedavno objavljene uvrede i izjave kojima se \u017eene svodi na &#8216;drugotne&#8217;, &#8216;\u0161trace&#8217; i &#8216;neposlu\u0161ne&#8217;. Ciljevi su kampanje osvje\u0161tavanje \u0161tetnosti takvog diskriminatornog i uvredljivog govora te raspisivanje natje\u010daja za financijsku podr\u0161ku \u017eenskim inicijativama istog naziva koji je raspisan 10.12.2016. Govoriti \u0107e o i modelima proaktivnog djelovanja i reagiranja pri prevenciji diskriminatornog govora u dru\u0161tvu.<\/p>\n<p>Razgvor \u0107e moderirati dr.sc. Brigita Milo\u0161, koordinatorica Centra za \u017eenske studije Rijeka.<\/span><\/p>\n","protected":false},"excerpt":{"rendered":"<p>&nbsp; U organizaciji Centra za \u017eenske studije pri Filozofskom fakultetu u Rijeci, a u suradnji s Odsjekom za kulturalne studije, udrugom studenata IKS i rije\u010dkim Art kinom odr\u017eat \u0107e se u ponedjeljak 23. sije\u010dnja u 18h okrugli stol kao uvodni&#8230; <a class=\"more-link\" href=\"https:\/\/czs.uniri.hr\/?p=374\">Nastavi \u010ditati &rarr;<\/a><\/p>\n","protected":false},"author":2,"featured_media":375,"comment_status":"open","ping_status":"open","sticky":false,"template":"","format":"standard","meta":[],"categories":[1,6],"tags":[],"jetpack_featured_media_url":"https:\/\/czs.uniri.hr\/wp-content\/uploads\/2017\/01\/okruglistol3-e1484840376330.jpg","_links":{"self":[{"href":"https:\/\/czs.uniri.hr\/index.php?rest_route=\/wp\/v2\/posts\/374"}],"collection":[{"href":"https:\/\/czs.uniri.hr\/index.php?rest_route=\/wp\/v2\/posts"}],"about":[{"href":"https:\/\/czs.uniri.hr\/index.php?rest_route=\/wp\/v2\/types\/post"}],"author":[{"embeddable":true,"href":"https:\/\/czs.uniri.hr\/index.php?rest_route=\/wp\/v2\/users\/2"}],"replies":[{"embeddable":true,"href":"https:\/\/czs.uniri.hr\/index.php?rest_route=%2Fwp%2Fv2%2Fcomments&post=374"}],"version-history":[{"count":1,"href":"https:\/\/czs.uniri.hr\/index.php?rest_route=\/wp\/v2\/posts\/374\/revisions"}],"predecessor-version":[{"id":376,"href":"https:\/\/czs.uniri.hr\/index.php?rest_route=\/wp\/v2\/posts\/374\/revisions\/376"}],"wp:featuredmedia":[{"embeddable":true,"href":"https:\/\/czs.uniri.hr\/index.php?rest_route=\/wp\/v2\/media\/375"}],"wp:attachment":[{"href":"https:\/\/czs.uniri.hr\/index.php?rest_route=%2Fwp%2Fv2%2Fmedia&parent=374"}],"wp:term":[{"taxonomy":"category","embeddable":true,"href":"https:\/\/czs.uniri.hr\/index.php?rest_route=%2Fwp%2Fv2%2Fcategories&post=374"},{"taxonomy":"post_tag","embeddable":true,"href":"https:\/\/czs.uniri.hr\/index.php?rest_route=%2Fwp%2Fv2%2Ftags&post=374"}],"curies":[{"name":"wp","href":"https:\/\/api.w.org\/{rel}","templated":true}]}}