{"id":1801,"date":"2016-12-19T08:39:23","date_gmt":"2016-12-19T08:39:23","guid":{"rendered":"http:\/\/czs.uniri.hr\/?p=1801"},"modified":"2019-09-12T09:45:55","modified_gmt":"2019-09-12T09:45:55","slug":"razgovor-o-majkama-i-kcerima-s-mirom-furlan","status":"publish","type":"post","link":"https:\/\/czs.uniri.hr\/?p=1801","title":{"rendered":"Razgovor &#8220;O majkama i k\u0107erima s Mirom Furlan&#8221;"},"content":{"rendered":"\n<div class=\"wp-block-image\"><figure class=\"aligncenter\"><img loading=\"lazy\" width=\"650\" height=\"370\" src=\"https:\/\/czs.uniri.hr\/wp-content\/uploads\/2016\/11\/razgovor-o-majkama-i-k\u0107erima-s-Mirom-Furlan-7-650x370.jpg\" alt=\"razgovor-o-majkama-i-kcerima-s-mirom-furlan-7\" class=\"wp-image-276\"\/><\/figure><\/div>\n\n\n\n<p>U organizaciji Centra za \u017eenske studije pri Filozofskom fakultetu u Rijeci, a u suradnji s HNK Ivana pl. Zajca odr\u017eao se, 24. studenog, razgovor O majkama i k\u0107erima na kojem su sudjelovale glumica Mira Furlan, beogradska dramaturginja Olga Dimitrijevi\u0107, izvr\u0161na direktorica Centra za napredne studije jugoisto\u010dne Europe Sveu\u010dili\u0161ta u Rijeci dr.sc. Sanja Milutinovi\u0107 Bojani\u0107 te koordinatorica Centra za \u017eenske studije pri Filozofskom fakultetu u Rijeci dr.sc. Brigita Milo\u0161. Polazi\u0161na to\u010dka razgovora bila je skora\u0161nja sije\u010danjska premijera <em>Jesenje sonate <\/em>Ingmara Bergmana u Hrvatskom narodnom kazali\u0161tu Ivana pl. Zajca.<\/p>\n\n\n\n<p>Iako se o me\u0111u\u017eenskim odnosima (pogotovo onim obiteljskim) pri\u010da relativno malo, konstatiralo se kako su mnoge \u017eene iskusile patrijarhalnu dinamiku cikli\u010dnog predbacivanja k\u0107erke majci i majke k\u0107erki te tenzije koje se stvaraju poradi neispunjenih o\u010dekivanja. \u0160to se doga\u0111a kada se, me\u0111utim, ove granice probiju? Upravo u \u010dinu pra\u0161tanja nalazimo za\u010detke solidarnosti i prijateljstva ovih dvaju \u017eena, najbli\u017eih suputnica. \u010cin oprosta duboko je feministi\u010dki \u010din.<\/p>\n\n\n\n<p>Konkretne dokaze ove tvrdnje na razgovoru spontano su pru\u017eile Olga Dimitrijevi\u0107 i Mira Furlan. Olga Dimitrijevi\u0107 iznijela je pri\u010du o svojoj <em>babi<\/em> prikovanoj uz samrtni\u010dki krevet, koja u suton svog \u017eivota ne prestaje govoriti. Bakina nevjesta i Olgina majka prepoznaje da kroz ovo brbljanje baka progovara, pri\u010da svoju povijest, ali i povijest njezine obitelji i nje same. Stoga uzima papir i olovku te sve skupa navrat-nanos zapisuje. Ubrzo, me\u0111utim, ona umire, pa Olga, unuka, sada ostaje s sama tekstom. Ovo je po\u010detak jednog intimnog projekta, gdje se ne mo\u017ee ne zapitati o hermeneuti\u010dkom procesu \u010ditanja postoje\u0107eg materijala: koliko je izmijenjeno <em>babino<\/em> sje\u0107anje, gdje se kriju interpretacije Olgine majke i \u0161to \u0107e na koncu ona sama i\u0161\u010ditati iz svega.<\/p>\n\n\n\n<p>Mira Furlan pro\u010ditala je pismo svoje majke koju je glumica izgubila jo\u0161 u svojim teenagerskim godinama. Pismo je ovo isprike koje joj njezina majka \u0161alje nakon sva\u0111e, koja se tada \u010dinila tako stra\u0161nom, a danas tako banalnom. Duboko feministi\u010dki \u010din oprosta po\u010dinje, dakako, momentom isprike.<\/p>\n\n\n\n<p>Ukazav\u0161i na va\u017enost promi\u0161ljanja o odnosima me\u0111u \u017eenama, kao i o ulogama \u017eena kao majki i \u017eena kao k\u0107eri, razgovor je pro\u0161ao u ugodnoj intimnoj atmosferi suradnica rije\u010dkih znanstvenih i umjetni\u010dkih institucija te posjetitelja.<\/p>\n\n\n\n<p style=\"text-align:right\">Greta Grakali\u0107 Ra\u010dki<\/p>\n","protected":false},"excerpt":{"rendered":"<p>U organizaciji Centra za \u017eenske studije pri Filozofskom fakultetu u Rijeci, a u suradnji s HNK Ivana pl. Zajca odr\u017eao se, 24. studenog, razgovor O majkama i k\u0107erima na kojem su sudjelovale glumica Mira Furlan, beogradska dramaturginja Olga Dimitrijevi\u0107, izvr\u0161na&#8230; <a class=\"more-link\" href=\"https:\/\/czs.uniri.hr\/?p=1801\">Nastavi \u010ditati &rarr;<\/a><\/p>\n","protected":false},"author":2,"featured_media":276,"comment_status":"closed","ping_status":"closed","sticky":false,"template":"","format":"standard","meta":[],"categories":[1,6],"tags":[],"jetpack_featured_media_url":"https:\/\/czs.uniri.hr\/wp-content\/uploads\/2016\/11\/razgovor-o-majkama-i-k\u0107erima-s-Mirom-Furlan-7-e1480081960902.jpg","_links":{"self":[{"href":"https:\/\/czs.uniri.hr\/index.php?rest_route=\/wp\/v2\/posts\/1801"}],"collection":[{"href":"https:\/\/czs.uniri.hr\/index.php?rest_route=\/wp\/v2\/posts"}],"about":[{"href":"https:\/\/czs.uniri.hr\/index.php?rest_route=\/wp\/v2\/types\/post"}],"author":[{"embeddable":true,"href":"https:\/\/czs.uniri.hr\/index.php?rest_route=\/wp\/v2\/users\/2"}],"replies":[{"embeddable":true,"href":"https:\/\/czs.uniri.hr\/index.php?rest_route=%2Fwp%2Fv2%2Fcomments&post=1801"}],"version-history":[{"count":1,"href":"https:\/\/czs.uniri.hr\/index.php?rest_route=\/wp\/v2\/posts\/1801\/revisions"}],"predecessor-version":[{"id":1803,"href":"https:\/\/czs.uniri.hr\/index.php?rest_route=\/wp\/v2\/posts\/1801\/revisions\/1803"}],"wp:featuredmedia":[{"embeddable":true,"href":"https:\/\/czs.uniri.hr\/index.php?rest_route=\/wp\/v2\/media\/276"}],"wp:attachment":[{"href":"https:\/\/czs.uniri.hr\/index.php?rest_route=%2Fwp%2Fv2%2Fmedia&parent=1801"}],"wp:term":[{"taxonomy":"category","embeddable":true,"href":"https:\/\/czs.uniri.hr\/index.php?rest_route=%2Fwp%2Fv2%2Fcategories&post=1801"},{"taxonomy":"post_tag","embeddable":true,"href":"https:\/\/czs.uniri.hr\/index.php?rest_route=%2Fwp%2Fv2%2Ftags&post=1801"}],"curies":[{"name":"wp","href":"https:\/\/api.w.org\/{rel}","templated":true}]}}