{"id":1673,"date":"2019-05-22T09:31:20","date_gmt":"2019-05-22T09:31:20","guid":{"rendered":"http:\/\/czs.uniri.hr\/?p=1673"},"modified":"2019-09-10T09:29:24","modified_gmt":"2019-09-10T09:29:24","slug":"otvorenje-3-festivala-queer-i-feministicke-kulture-smoqua","status":"publish","type":"post","link":"https:\/\/czs.uniri.hr\/?p=1673","title":{"rendered":"Otvorenje 3. Festivala queer i feministi\u010dke kulture Smoqua"},"content":{"rendered":"\n<p>U \u010detvrtak, 23. svibnja 2019. godine u 17.30 sati, u dvorani RiHuba, na adresi Ivana Grohovca 1a, odr\u017eat \u0107e se otvorenje 3. po redu Festivala queer i feministi\u010dke kulture Smoqua.<\/p>\n\n\n\n<p>Festival \u0107e otvoriti predstavnice organizatora:<\/p>\n\n\n\n<ul><li>Antonija Stojanovi\u0107 Almesberger u ime udruge LORI,<\/li><li>Marinella Matej\u010di\u0107 u ime udruge PaRiter,<\/li><li>Ana Ajdukovi\u0107 u ime Centra za \u017eenske studije Rijeka i<\/li><li>Milijana Babi\u0107 u ime umjetni\u010dke organizacije Gra\u0111anke svom gradu,<\/li><li>Boryana Rossa, bugarska umjetnica.<\/li><\/ul>\n\n\n\n<p>Na otvorenju festivala okupljenima \u0107e se obratiti i Vojko Obersnel, gradona\u010delnik Rijeke.<\/p>\n\n\n\n<p>Nakon otvorenja, odr\u017eat \u0107e se panel rasprava na temu&nbsp;<em>Norma, normalnost, normativnost u \u201cnuklearnoj\u201d obitelji.<\/em><\/p>\n\n\n\n<p>U panel raspravi sudjelovat \u0107e Rita B\u00e9res-De\u00e1k, LGBT aktivistkinja i dru\u0161tvena antropologinja na Central European University u Budimpe\u0161ti, Urszula Kuczynska, LGBT aktivistkinja i politi\u010darka iz Poljske te dr.sc. Jasminka Jureti\u0107 iz Centra za \u017eenske studije pri Filozofskom fakultetu u Rijeci i vanjska suradnica Odsjeka za psihologiju FFRI. Raspravu \u0107e moderirati&nbsp;\u017deljka Jelavi\u0107, feministkinja, aktivistkinja i suosniva\u010dica Centra za \u017eenske studije u Zagrebu.<\/p>\n\n\n\n<p>Ured Grada Rijeke<br>Suradnica za odnose s medijima<br>Iva Balen<\/p>\n\n\n\n<p><strong><em>\u010clanak:<\/em><\/strong>  <a href=\"https:\/\/www.rijeka.hr\/otvorenje-3-festivala-queer-feministicke-kulture-smoqua\/\">https:\/\/www.rijeka.hr\/otvorenje-3-festivala-queer-feministicke-kulture-smoqua\/<\/a> <\/p>\n","protected":false},"excerpt":{"rendered":"<p>U \u010detvrtak, 23. svibnja 2019. godine u 17.30 sati, u dvorani RiHuba, na adresi Ivana Grohovca 1a, odr\u017eat \u0107e se otvorenje 3. po redu Festivala queer i feministi\u010dke kulture Smoqua. Festival \u0107e otvoriti predstavnice organizatora: Antonija Stojanovi\u0107 Almesberger u ime&#8230; <a class=\"more-link\" href=\"https:\/\/czs.uniri.hr\/?p=1673\">Nastavi \u010ditati &rarr;<\/a><\/p>\n","protected":false},"author":2,"featured_media":1495,"comment_status":"closed","ping_status":"closed","sticky":false,"template":"","format":"standard","meta":[],"categories":[16,5],"tags":[],"jetpack_featured_media_url":"https:\/\/czs.uniri.hr\/wp-content\/uploads\/2019\/06\/smoqua1.jpg","_links":{"self":[{"href":"https:\/\/czs.uniri.hr\/index.php?rest_route=\/wp\/v2\/posts\/1673"}],"collection":[{"href":"https:\/\/czs.uniri.hr\/index.php?rest_route=\/wp\/v2\/posts"}],"about":[{"href":"https:\/\/czs.uniri.hr\/index.php?rest_route=\/wp\/v2\/types\/post"}],"author":[{"embeddable":true,"href":"https:\/\/czs.uniri.hr\/index.php?rest_route=\/wp\/v2\/users\/2"}],"replies":[{"embeddable":true,"href":"https:\/\/czs.uniri.hr\/index.php?rest_route=%2Fwp%2Fv2%2Fcomments&post=1673"}],"version-history":[{"count":1,"href":"https:\/\/czs.uniri.hr\/index.php?rest_route=\/wp\/v2\/posts\/1673\/revisions"}],"predecessor-version":[{"id":1674,"href":"https:\/\/czs.uniri.hr\/index.php?rest_route=\/wp\/v2\/posts\/1673\/revisions\/1674"}],"wp:featuredmedia":[{"embeddable":true,"href":"https:\/\/czs.uniri.hr\/index.php?rest_route=\/wp\/v2\/media\/1495"}],"wp:attachment":[{"href":"https:\/\/czs.uniri.hr\/index.php?rest_route=%2Fwp%2Fv2%2Fmedia&parent=1673"}],"wp:term":[{"taxonomy":"category","embeddable":true,"href":"https:\/\/czs.uniri.hr\/index.php?rest_route=%2Fwp%2Fv2%2Fcategories&post=1673"},{"taxonomy":"post_tag","embeddable":true,"href":"https:\/\/czs.uniri.hr\/index.php?rest_route=%2Fwp%2Fv2%2Ftags&post=1673"}],"curies":[{"name":"wp","href":"https:\/\/api.w.org\/{rel}","templated":true}]}}