{"id":1654,"date":"2019-01-29T09:04:46","date_gmt":"2019-01-29T09:04:46","guid":{"rendered":"http:\/\/czs.uniri.hr\/?p=1654"},"modified":"2019-09-10T09:31:19","modified_gmt":"2019-09-10T09:31:19","slug":"krece-ciklus-kino-ucionica-pogled-potpora","status":"publish","type":"post","link":"https:\/\/czs.uniri.hr\/?p=1654","title":{"rendered":"Kre\u0107e ciklus Kino u\u010dionica: Pogled (P)otpora"},"content":{"rendered":"\n<p>U organizaciji Centra za \u017eenske studije pri Filozofskom fakultetu u Rijeci i Art-kina Croatia, a uz podr\u0161ku Grada Rijeke i Odsjeka za kulturalne studije Rijeka u \u010detvrtak, 31. sije\u010dnja 2019. godine u 19 sati u&nbsp;<a href=\"http:\/\/kinomreza.hr\/mini-art-kino\/\">Art Kinu<\/a>&nbsp;u Rijeci odr\u017eat \u0107e se&nbsp;<a href=\"https:\/\/web.facebook.com\/events\/2268333006759552\/permalink\/2270270043232515\/\">okrugli stol&nbsp;<\/a>Pogled (P)otpora.<\/p>\n\n\n\n<p>Okrugli stol uvodni je razgovor u okviru ovogodi\u0161njeg programa \u201eKino u\u010dionica: Pogled (P)otpora\u201c. Kino u\u010dionica u ovoj tre\u0107oj godini provo\u0111enja predava\u010dkih ciklusa ponovo naglasak stavlja na na rodnu odrednicu \u017eensko(g) u na\u010dinima gledala\u010dkih procesa, dok ovaj tematski ciklus podrazumijeva \u0161iri kontekst propitivanju samog pogleda i (p)otpora u odnosu na aktualne prilike u hrvatskom i \u0161irem regionalnom prostoru. Stoga je nakana okruglog stola otvoriti raspravu izme\u0111u kulturnih djelatnika\/ca i predstavnika\/ca razli\u010ditih dru\u0161tvenih polja te sagledati navedenu tematiku iz razli\u010ditih spoznajnih polazi\u0161ta.<\/p>\n\n\n\n<p>Go\u0161\u0107e okruglog stola su: filmski kriti\u010dar&nbsp;<strong>Dragan Rube\u0161a<\/strong>,&nbsp;<strong>dr.sc. Boris Ru\u017ei\u0107<\/strong>, redateljica&nbsp;<strong>Kristina Bari\u0161i\u0107<\/strong>&nbsp;i redateljica&nbsp;<strong>Ma\u0161a Drndi\u0107<\/strong>&nbsp;pod moderaturom MA vizualne kulture&nbsp;<strong>Marije Katalini\u0107.<\/strong><\/p>\n\n\n\n<p>Vi\u0161e o Kino u\u010dionici saznajte na&nbsp;<a href=\"https:\/\/web.facebook.com\/kinoucionica\/\">Facebook stranici<\/a>.<\/p>\n\n\n\n<p><strong><em>\u010clanak:<\/em><\/strong>  <a href=\"https:\/\/www.civilnodrustvo.hr\/krece-ciklus-kino-ucionica-pogled-potpora-i-poziv-na-okrugli-stol\/\">https:\/\/www.civilnodrustvo.hr\/krece-ciklus-kino-ucionica-pogled-potpora-i-poziv-na-okrugli-stol\/<\/a> <\/p>\n","protected":false},"excerpt":{"rendered":"<p>U organizaciji Centra za \u017eenske studije pri Filozofskom fakultetu u Rijeci i Art-kina Croatia, a uz podr\u0161ku Grada Rijeke i Odsjeka za kulturalne studije Rijeka u \u010detvrtak, 31. sije\u010dnja 2019. godine u 19 sati u&nbsp;Art Kinu&nbsp;u Rijeci odr\u017eat \u0107e se&nbsp;okrugli&#8230; <a class=\"more-link\" href=\"https:\/\/czs.uniri.hr\/?p=1654\">Nastavi \u010ditati &rarr;<\/a><\/p>\n","protected":false},"author":2,"featured_media":1657,"comment_status":"closed","ping_status":"closed","sticky":false,"template":"","format":"standard","meta":[],"categories":[16,5],"tags":[],"jetpack_featured_media_url":"https:\/\/czs.uniri.hr\/wp-content\/uploads\/2019\/09\/slika1.jpg","_links":{"self":[{"href":"https:\/\/czs.uniri.hr\/index.php?rest_route=\/wp\/v2\/posts\/1654"}],"collection":[{"href":"https:\/\/czs.uniri.hr\/index.php?rest_route=\/wp\/v2\/posts"}],"about":[{"href":"https:\/\/czs.uniri.hr\/index.php?rest_route=\/wp\/v2\/types\/post"}],"author":[{"embeddable":true,"href":"https:\/\/czs.uniri.hr\/index.php?rest_route=\/wp\/v2\/users\/2"}],"replies":[{"embeddable":true,"href":"https:\/\/czs.uniri.hr\/index.php?rest_route=%2Fwp%2Fv2%2Fcomments&post=1654"}],"version-history":[{"count":2,"href":"https:\/\/czs.uniri.hr\/index.php?rest_route=\/wp\/v2\/posts\/1654\/revisions"}],"predecessor-version":[{"id":1730,"href":"https:\/\/czs.uniri.hr\/index.php?rest_route=\/wp\/v2\/posts\/1654\/revisions\/1730"}],"wp:featuredmedia":[{"embeddable":true,"href":"https:\/\/czs.uniri.hr\/index.php?rest_route=\/wp\/v2\/media\/1657"}],"wp:attachment":[{"href":"https:\/\/czs.uniri.hr\/index.php?rest_route=%2Fwp%2Fv2%2Fmedia&parent=1654"}],"wp:term":[{"taxonomy":"category","embeddable":true,"href":"https:\/\/czs.uniri.hr\/index.php?rest_route=%2Fwp%2Fv2%2Fcategories&post=1654"},{"taxonomy":"post_tag","embeddable":true,"href":"https:\/\/czs.uniri.hr\/index.php?rest_route=%2Fwp%2Fv2%2Ftags&post=1654"}],"curies":[{"name":"wp","href":"https:\/\/api.w.org\/{rel}","templated":true}]}}