{"id":1634,"date":"2018-02-01T08:28:41","date_gmt":"2018-02-01T08:28:41","guid":{"rendered":"http:\/\/czs.uniri.hr\/?p=1634"},"modified":"2019-09-06T08:36:09","modified_gmt":"2019-09-06T08:36:09","slug":"emancipacije-oka-emancipacije-tijela-emancipacije-intervencija","status":"publish","type":"post","link":"https:\/\/czs.uniri.hr\/?p=1634","title":{"rendered":"Emancipacije oka, emancipacije tijela, emancipacije intervencija!"},"content":{"rendered":"\n<h4>NOVI CIKLUS KINO U\u010cIONICA OTVOREN JE OKRUGLIM STOLOM &#8216;O MARGINALNIMA&#8217;<\/h4>\n\n\n\n<div class=\"wp-block-image\"><figure class=\"aligncenter\"><img src=\"https:\/\/www.libela.org\/t\/article\/103\/ss\/27650447_1705711366133633_879123167_o.jpg\" alt=\"\"\/><figcaption> <strong>(Foto: Boris Ru\u017ei\u0107)<\/strong> <\/figcaption><\/figure><\/div>\n\n\n\n<p> U organizaciji Centra za \u017eenske studije pri Filozofskom fakultetu u Rijeci i Art-kina Croatia, a uz podr\u0161ku Rijeka EPK_2020 i Odsjeka za kulturalne studije Rijeka, 30. sije\u010dnja s po\u010detkom u 18 sati odr\u017ean je okrugli stol &#8220;O Marginalnima&#8221;. Moderatorice\u00a0<strong>Sanja Bojani\u0107 i Marija Katalini\u0107<\/strong>\u00a0su nakon uvodnih zahvala suradnicama\/suradnicima i sudionicama\/sudionicima te najave go\u0161\u0107i\/gosta otvorile pitanje poimanja marginalnosti, razla\u017eu\u0107i ga kroz pojmove perspektive, odnosa, pozicioniranja &#8211; nas samih a zatim i Drugoga. <\/p>\n\n\n\n<p><strong><em>\u010clanak:<\/em><\/strong>  <a href=\"https:\/\/www.libela.org\/vijesti\/9290-emancipacije-oka-emancipacije-tijela-emancipacije-intervencija\/\">https:\/\/www.libela.org\/vijesti\/9290-emancipacije-oka-emancipacije-tijela-emancipacije-intervencija\/<\/a> <\/p>\n","protected":false},"excerpt":{"rendered":"<p>NOVI CIKLUS KINO U\u010cIONICA OTVOREN JE OKRUGLIM STOLOM &#8216;O MARGINALNIMA&#8217; U organizaciji Centra za \u017eenske studije pri Filozofskom fakultetu u Rijeci i Art-kina Croatia, a uz podr\u0161ku Rijeka EPK_2020 i Odsjeka za kulturalne studije Rijeka, 30. sije\u010dnja s po\u010detkom u&#8230; <a class=\"more-link\" href=\"https:\/\/czs.uniri.hr\/?p=1634\">Nastavi \u010ditati &rarr;<\/a><\/p>\n","protected":false},"author":2,"featured_media":1635,"comment_status":"closed","ping_status":"closed","sticky":false,"template":"","format":"standard","meta":[],"categories":[15,5],"tags":[],"jetpack_featured_media_url":"https:\/\/czs.uniri.hr\/wp-content\/uploads\/2019\/09\/slika.jpg","_links":{"self":[{"href":"https:\/\/czs.uniri.hr\/index.php?rest_route=\/wp\/v2\/posts\/1634"}],"collection":[{"href":"https:\/\/czs.uniri.hr\/index.php?rest_route=\/wp\/v2\/posts"}],"about":[{"href":"https:\/\/czs.uniri.hr\/index.php?rest_route=\/wp\/v2\/types\/post"}],"author":[{"embeddable":true,"href":"https:\/\/czs.uniri.hr\/index.php?rest_route=\/wp\/v2\/users\/2"}],"replies":[{"embeddable":true,"href":"https:\/\/czs.uniri.hr\/index.php?rest_route=%2Fwp%2Fv2%2Fcomments&post=1634"}],"version-history":[{"count":1,"href":"https:\/\/czs.uniri.hr\/index.php?rest_route=\/wp\/v2\/posts\/1634\/revisions"}],"predecessor-version":[{"id":1636,"href":"https:\/\/czs.uniri.hr\/index.php?rest_route=\/wp\/v2\/posts\/1634\/revisions\/1636"}],"wp:featuredmedia":[{"embeddable":true,"href":"https:\/\/czs.uniri.hr\/index.php?rest_route=\/wp\/v2\/media\/1635"}],"wp:attachment":[{"href":"https:\/\/czs.uniri.hr\/index.php?rest_route=%2Fwp%2Fv2%2Fmedia&parent=1634"}],"wp:term":[{"taxonomy":"category","embeddable":true,"href":"https:\/\/czs.uniri.hr\/index.php?rest_route=%2Fwp%2Fv2%2Fcategories&post=1634"},{"taxonomy":"post_tag","embeddable":true,"href":"https:\/\/czs.uniri.hr\/index.php?rest_route=%2Fwp%2Fv2%2Ftags&post=1634"}],"curies":[{"name":"wp","href":"https:\/\/api.w.org\/{rel}","templated":true}]}}