{"id":1573,"date":"2016-02-02T09:38:11","date_gmt":"2016-02-02T09:38:11","guid":{"rendered":"http:\/\/czs.uniri.hr\/?p=1573"},"modified":"2019-09-05T10:24:32","modified_gmt":"2019-09-05T10:24:32","slug":"pacinno-startup-debata-poduzetnistvo-ima-spol","status":"publish","type":"post","link":"https:\/\/czs.uniri.hr\/?p=1573","title":{"rendered":"Pacinno startup debata: Poduzetni\u0161tvo ima spol"},"content":{"rendered":"\n<div class=\"wp-block-image\"><figure class=\"alignleft is-resized\"><img loading=\"lazy\" src=\"https:\/\/czs.uniri.hr\/wp-content\/uploads\/2016\/10\/Pacinno-projekt.jpg\" alt=\"\" class=\"wp-image-82\" width=\"358\" height=\"222\"\/><\/figure><\/div>\n\n\n\n<p><\/p>\n\n\n\n<p><\/p>\n\n\n\n<p><\/p>\n\n\n\n<p>U petak, 19.02.2016., u 20:00h u centru Rijeke odr\u017eana je PACINNO Startup ve\u010der\/debata na temu: \u201e<strong>Poduzetni\u0161tvo ima spol: poduzetnike i poduzetnice treba razlikovati kod dono\u0161enja poticajnih mjera\u201d.<\/strong><\/p>\n\n\n\n<p><strong><em>Sudionice debate:<\/em><\/strong><\/p>\n\n\n\n<p><strong>Afirmacijsku skupinu<\/strong> \u010dinile su: mr. sc. Jasminka Keser iz Ministarstva poduzetni\u0161tva i obrta te \u010dlanica me\u0111uresorne radne skupine za koordinaciju provedbe Strategije razvoja \u017eenskog poduzetni\u0161tva u Republici Hrvatskoj, te Ivana Mati\u0107, osniva\u010dica i direktorica portala Women in Adria.<\/p>\n\n\n\n<p><strong>Negacijsku skupinu<\/strong> \u010dinle su dr. sc. Brigita Milo\u0161, vi\u0161a asistentica na Odsjeku za kulturalne studije pri Filozofskom fakultetu u Rijecu, te Ida Pandur, osniva\u010dica i direktorica digitalne marketin\u0161ke agencije Grey Entourage. Moderator debate bio je Filip \u010ci\u0107ek, diplomirani sociolog, i \u010dlan hrvatskog PACINNO tima.<\/p>\n\n\n\n<p><\/p>\n\n\n\n<figure class=\"wp-block-image\"><img alt=\"\"\/><\/figure>\n","protected":false},"excerpt":{"rendered":"<p>U petak, 19.02.2016., u 20:00h u centru Rijeke odr\u017eana je PACINNO Startup ve\u010der\/debata na temu: \u201ePoduzetni\u0161tvo ima spol: poduzetnike i poduzetnice treba razlikovati kod dono\u0161enja poticajnih mjera\u201d. Sudionice debate: Afirmacijsku skupinu \u010dinile su: mr. sc. Jasminka Keser iz Ministarstva poduzetni\u0161tva&#8230; <a class=\"more-link\" href=\"https:\/\/czs.uniri.hr\/?p=1573\">Nastavi \u010ditati &rarr;<\/a><\/p>\n","protected":false},"author":2,"featured_media":82,"comment_status":"closed","ping_status":"closed","sticky":false,"template":"","format":"standard","meta":[],"categories":[17,5],"tags":[],"jetpack_featured_media_url":"https:\/\/czs.uniri.hr\/wp-content\/uploads\/2016\/10\/Pacinno-projekt.jpg","_links":{"self":[{"href":"https:\/\/czs.uniri.hr\/index.php?rest_route=\/wp\/v2\/posts\/1573"}],"collection":[{"href":"https:\/\/czs.uniri.hr\/index.php?rest_route=\/wp\/v2\/posts"}],"about":[{"href":"https:\/\/czs.uniri.hr\/index.php?rest_route=\/wp\/v2\/types\/post"}],"author":[{"embeddable":true,"href":"https:\/\/czs.uniri.hr\/index.php?rest_route=\/wp\/v2\/users\/2"}],"replies":[{"embeddable":true,"href":"https:\/\/czs.uniri.hr\/index.php?rest_route=%2Fwp%2Fv2%2Fcomments&post=1573"}],"version-history":[{"count":1,"href":"https:\/\/czs.uniri.hr\/index.php?rest_route=\/wp\/v2\/posts\/1573\/revisions"}],"predecessor-version":[{"id":1574,"href":"https:\/\/czs.uniri.hr\/index.php?rest_route=\/wp\/v2\/posts\/1573\/revisions\/1574"}],"wp:featuredmedia":[{"embeddable":true,"href":"https:\/\/czs.uniri.hr\/index.php?rest_route=\/wp\/v2\/media\/82"}],"wp:attachment":[{"href":"https:\/\/czs.uniri.hr\/index.php?rest_route=%2Fwp%2Fv2%2Fmedia&parent=1573"}],"wp:term":[{"taxonomy":"category","embeddable":true,"href":"https:\/\/czs.uniri.hr\/index.php?rest_route=%2Fwp%2Fv2%2Fcategories&post=1573"},{"taxonomy":"post_tag","embeddable":true,"href":"https:\/\/czs.uniri.hr\/index.php?rest_route=%2Fwp%2Fv2%2Ftags&post=1573"}],"curies":[{"name":"wp","href":"https:\/\/api.w.org\/{rel}","templated":true}]}}